{"id":217,"date":"2014-07-03T18:30:00","date_gmt":"2014-07-03T18:30:00","guid":{"rendered":"http:\/\/www.sympathygroup.org\/wps\/?p=217"},"modified":"2019-12-26T06:23:57","modified_gmt":"2019-12-26T06:23:57","slug":"il-sympathy-group-alla-mondadori","status":"publish","type":"post","link":"https:\/\/www.sympathygroup.org\/wps\/2014\/07\/03\/il-sympathy-group-alla-mondadori\/","title":{"rendered":"IL Sympathy Group alla Mondadori"},"content":{"rendered":"\n<p class=\"wp-block-paragraph\">IL 03 Luglio 2014 intorno alle 18:00 il Sympathy Group \u00e8 stato coinvolto per un flash mob al Multicenter Mondadori in pieno centro di Palermo a pochi passi dal teatro Massimo.<\/p>\n\n\n\n<p class=\"wp-block-paragraph\">Mescolati fra i clienti del Mondadori Multicenter, sbucano pian piano musicisti in giro per il centro richiamando l&#8217;attenzione con le loro note, si giunge cosi con questo richiamo musicale al terzo piano dove in una zona abbastanza ampia si \u00e8 potuto assistere ad un concerto barocco. Si precisa che l&#8217;Associazione Sympathy Group \u00e8 stata chiamata per questo evento dando la propria disponibilit\u00e0 solamente pochi giorni prima, tanto \u00e8 doveroso sottolineare sia per la mancanza di comunicazione a tutti i suoi associati, ma anche per evidenziare la preparazione e l&#8217;efficienza di tutti i musicisti e cantanti del gruppo.<\/p>\n\n\n\n<figure class=\"wp-block-table\"><table class=\"\"><tbody><tr><td><img loading=\"lazy\" decoding=\"async\" width=\"150\" height=\"200\" class=\"wp-image-220\" style=\"width: 150px;\" src=\"https:\/\/www.sympathygroup.org\/wps\/wp-content\/uploads\/2014\/07\/shutmondadori2.gif\" alt=\"\"><\/td><td>\u00a0hanno partecipato all&#8217;evento musicale il Maestro Vincenzo Zaami (direttore d&#8217;orchestra) Antonella Urso e Giusi Arini (soprani) Paolo Lo Biundo (tenori) Giuseppe Zaami e Flavia Mazzetti (1\u00b0 violino) Benedetto Pillitteri e Gioele Rosato (2\u00b0 violino)\u00a0Ylenia Molica \u00a0(3\u00b0 violino) Umberto Pollicino ( Viola) Davide Dav\u00ec (contrabbasso) Dario Pillitteri (Oboe) Ferdinando Preian\u00f2 (Violoncello) Marinella Vassallo (Organo e Cembalo) Iolanda Aiello (Clarinetto)<\/td><\/tr><tr><td>\u00a0Alcune miniature delle istantanee dell&#8217;evento descritto, seguici sulla pagina Fan di FB dove potrai vedere oltre a tutte le foto degli eventi anche alcuni video del Sympathy Group\u00a0<a href=\"https:\/\/www.facebook.com\/sympathygroup?fref=ts\">CLICCANDO QUI<\/a><\/td><td><img loading=\"lazy\" decoding=\"async\" width=\"400\" height=\"301\" class=\"wp-image-219\" style=\"width: 400px;\" src=\"https:\/\/www.sympathygroup.org\/wps\/wp-content\/uploads\/2014\/07\/shutmondadori1.gif\" alt=\"\"><\/td><\/tr><\/tbody><\/table><\/figure>\n\n\n\n<figure class=\"wp-block-image\"><img decoding=\"async\" src=\"http:\/\/www.sympathygroup.org\/associazione\/images\/sampledata\/miniature\/shutmondadori3.gif\" alt=\"\"\/><\/figure>\n","protected":false},"excerpt":{"rendered":"<p>IL 03 Luglio 2014 intorno alle 18:00 il Sympathy Group \u00e8 stato coinvolto per un flash mob al Multicenter Mondadori in pieno centro di Palermo a pochi passi dal teatro Massimo. Mescolati fra i clienti del Mondadori Multicenter, sbucano pian piano musicisti in giro per il centro richiamando l&#8217;attenzione con le loro note, si giunge &#8230;.&nbsp;&nbsp;<a class=\" special\" href=\"https:\/\/www.sympathygroup.org\/wps\/2014\/07\/03\/il-sympathy-group-alla-mondadori\/\">Read More<\/a><\/p>\n","protected":false},"author":1,"featured_media":0,"comment_status":"closed","ping_status":"closed","sticky":false,"template":"","format":"standard","meta":{"iawp_total_views":1,"footnotes":""},"categories":[2],"tags":[],"class_list":["post-217","post","type-post","status-publish","format-standard","hentry","category-eventi-sympathy-group"],"yoast_head":"<!-- This site is optimized with the Yoast SEO plugin v28.4 - https:\/\/yoast.com\/product\/yoast-seo-wordpress\/ -->\n<title>IL Sympathy Group alla Mondadori - Antonella Urso<\/title>\n<meta name=\"robots\" content=\"index, follow, max-snippet:-1, max-image-preview:large, max-video-preview:-1\" \/>\n<link rel=\"canonical\" href=\"https:\/\/www.sympathygroup.org\/wps\/2014\/07\/03\/il-sympathy-group-alla-mondadori\/\" \/>\n<meta property=\"og:locale\" content=\"it_IT\" \/>\n<meta property=\"og:type\" content=\"article\" \/>\n<meta property=\"og:title\" content=\"IL Sympathy Group alla Mondadori - Antonella Urso\" \/>\n<meta property=\"og:description\" content=\"IL 03 Luglio 2014 intorno alle 18:00 il Sympathy Group \u00e8 stato coinvolto per un flash mob al Multicenter Mondadori in pieno centro di Palermo a pochi passi dal teatro Massimo. Mescolati fra i clienti del Mondadori Multicenter, sbucano pian piano musicisti in giro per il centro richiamando l&#8217;attenzione con le loro note, si giunge ....&nbsp;&nbsp;Read More\" \/>\n<meta property=\"og:url\" content=\"https:\/\/www.sympathygroup.org\/wps\/2014\/07\/03\/il-sympathy-group-alla-mondadori\/\" \/>\n<meta property=\"og:site_name\" content=\"Antonella Urso\" \/>\n<meta property=\"article:publisher\" content=\"https:\/\/www.facebook.com\/sympathygroup\" \/>\n<meta property=\"article:published_time\" content=\"2014-07-03T18:30:00+00:00\" \/>\n<meta property=\"article:modified_time\" content=\"2019-12-26T06:23:57+00:00\" \/>\n<meta property=\"og:image\" content=\"http:\/\/www.sympathygroup.org\/wps\/wp-content\/uploads\/2014\/07\/shutmondadori2.gif\" \/>\n<meta name=\"author\" content=\"G.Marchese\" \/>\n<meta name=\"twitter:card\" content=\"summary_large_image\" \/>\n<meta name=\"twitter:label1\" content=\"Scritto da\" \/>\n\t<meta name=\"twitter:data1\" content=\"G.Marchese\" \/>\n\t<meta name=\"twitter:label2\" content=\"Tempo di lettura stimato\" \/>\n\t<meta name=\"twitter:data2\" content=\"1 minuto\" \/>\n<script type=\"application\/ld+json\" class=\"yoast-schema-graph\">{\"@context\":\"https:\\\/\\\/schema.org\",\"@graph\":[{\"@type\":\"Article\",\"@id\":\"https:\\\/\\\/www.sympathygroup.org\\\/wps\\\/2014\\\/07\\\/03\\\/il-sympathy-group-alla-mondadori\\\/#article\",\"isPartOf\":{\"@id\":\"https:\\\/\\\/www.sympathygroup.org\\\/wps\\\/2014\\\/07\\\/03\\\/il-sympathy-group-alla-mondadori\\\/\"},\"author\":{\"name\":\"G.Marchese\",\"@id\":\"https:\\\/\\\/www.sympathygroup.org\\\/wps\\\/#\\\/schema\\\/person\\\/ade6c4a8003504212ac1896a2e026647\"},\"headline\":\"IL Sympathy Group alla Mondadori\",\"datePublished\":\"2014-07-03T18:30:00+00:00\",\"dateModified\":\"2019-12-26T06:23:57+00:00\",\"mainEntityOfPage\":{\"@id\":\"https:\\\/\\\/www.sympathygroup.org\\\/wps\\\/2014\\\/07\\\/03\\\/il-sympathy-group-alla-mondadori\\\/\"},\"wordCount\":217,\"publisher\":{\"@id\":\"https:\\\/\\\/www.sympathygroup.org\\\/wps\\\/#organization\"},\"image\":{\"@id\":\"https:\\\/\\\/www.sympathygroup.org\\\/wps\\\/2014\\\/07\\\/03\\\/il-sympathy-group-alla-mondadori\\\/#primaryimage\"},\"thumbnailUrl\":\"http:\\\/\\\/www.sympathygroup.org\\\/wps\\\/wp-content\\\/uploads\\\/2014\\\/07\\\/shutmondadori2.gif\",\"articleSection\":[\"Eventi Sympathy Group\"],\"inLanguage\":\"it-IT\"},{\"@type\":\"WebPage\",\"@id\":\"https:\\\/\\\/www.sympathygroup.org\\\/wps\\\/2014\\\/07\\\/03\\\/il-sympathy-group-alla-mondadori\\\/\",\"url\":\"https:\\\/\\\/www.sympathygroup.org\\\/wps\\\/2014\\\/07\\\/03\\\/il-sympathy-group-alla-mondadori\\\/\",\"name\":\"IL Sympathy Group alla Mondadori - Antonella Urso\",\"isPartOf\":{\"@id\":\"https:\\\/\\\/www.sympathygroup.org\\\/wps\\\/#website\"},\"primaryImageOfPage\":{\"@id\":\"https:\\\/\\\/www.sympathygroup.org\\\/wps\\\/2014\\\/07\\\/03\\\/il-sympathy-group-alla-mondadori\\\/#primaryimage\"},\"image\":{\"@id\":\"https:\\\/\\\/www.sympathygroup.org\\\/wps\\\/2014\\\/07\\\/03\\\/il-sympathy-group-alla-mondadori\\\/#primaryimage\"},\"thumbnailUrl\":\"http:\\\/\\\/www.sympathygroup.org\\\/wps\\\/wp-content\\\/uploads\\\/2014\\\/07\\\/shutmondadori2.gif\",\"datePublished\":\"2014-07-03T18:30:00+00:00\",\"dateModified\":\"2019-12-26T06:23:57+00:00\",\"breadcrumb\":{\"@id\":\"https:\\\/\\\/www.sympathygroup.org\\\/wps\\\/2014\\\/07\\\/03\\\/il-sympathy-group-alla-mondadori\\\/#breadcrumb\"},\"inLanguage\":\"it-IT\",\"potentialAction\":[{\"@type\":\"ReadAction\",\"target\":[\"https:\\\/\\\/www.sympathygroup.org\\\/wps\\\/2014\\\/07\\\/03\\\/il-sympathy-group-alla-mondadori\\\/\"]}]},{\"@type\":\"ImageObject\",\"inLanguage\":\"it-IT\",\"@id\":\"https:\\\/\\\/www.sympathygroup.org\\\/wps\\\/2014\\\/07\\\/03\\\/il-sympathy-group-alla-mondadori\\\/#primaryimage\",\"url\":\"http:\\\/\\\/www.sympathygroup.org\\\/wps\\\/wp-content\\\/uploads\\\/2014\\\/07\\\/shutmondadori2.gif\",\"contentUrl\":\"http:\\\/\\\/www.sympathygroup.org\\\/wps\\\/wp-content\\\/uploads\\\/2014\\\/07\\\/shutmondadori2.gif\"},{\"@type\":\"BreadcrumbList\",\"@id\":\"https:\\\/\\\/www.sympathygroup.org\\\/wps\\\/2014\\\/07\\\/03\\\/il-sympathy-group-alla-mondadori\\\/#breadcrumb\",\"itemListElement\":[{\"@type\":\"ListItem\",\"position\":1,\"name\":\"Home\",\"item\":\"https:\\\/\\\/www.sympathygroup.org\\\/wps\\\/\"},{\"@type\":\"ListItem\",\"position\":2,\"name\":\"IL Sympathy Group alla Mondadori\"}]},{\"@type\":\"WebSite\",\"@id\":\"https:\\\/\\\/www.sympathygroup.org\\\/wps\\\/#website\",\"url\":\"https:\\\/\\\/www.sympathygroup.org\\\/wps\\\/\",\"name\":\"Antonella Urso\",\"description\":\"e il SYMPATHY GROUP\",\"publisher\":{\"@id\":\"https:\\\/\\\/www.sympathygroup.org\\\/wps\\\/#organization\"},\"potentialAction\":[{\"@type\":\"SearchAction\",\"target\":{\"@type\":\"EntryPoint\",\"urlTemplate\":\"https:\\\/\\\/www.sympathygroup.org\\\/wps\\\/?s={search_term_string}\"},\"query-input\":{\"@type\":\"PropertyValueSpecification\",\"valueRequired\":true,\"valueName\":\"search_term_string\"}}],\"inLanguage\":\"it-IT\"},{\"@type\":\"Organization\",\"@id\":\"https:\\\/\\\/www.sympathygroup.org\\\/wps\\\/#organization\",\"name\":\"Antonella Urso e Sympathy Group\",\"url\":\"https:\\\/\\\/www.sympathygroup.org\\\/wps\\\/\",\"logo\":{\"@type\":\"ImageObject\",\"inLanguage\":\"it-IT\",\"@id\":\"https:\\\/\\\/www.sympathygroup.org\\\/wps\\\/#\\\/schema\\\/logo\\\/image\\\/\",\"url\":\"https:\\\/\\\/www.sympathygroup.org\\\/wps\\\/wp-content\\\/uploads\\\/2019\\\/11\\\/cropped-logo_modificato_definitivo_centrato_piccolo-1.jpg\",\"contentUrl\":\"https:\\\/\\\/www.sympathygroup.org\\\/wps\\\/wp-content\\\/uploads\\\/2019\\\/11\\\/cropped-logo_modificato_definitivo_centrato_piccolo-1.jpg\",\"width\":537,\"height\":250,\"caption\":\"Antonella Urso e Sympathy Group\"},\"image\":{\"@id\":\"https:\\\/\\\/www.sympathygroup.org\\\/wps\\\/#\\\/schema\\\/logo\\\/image\\\/\"},\"sameAs\":[\"https:\\\/\\\/www.facebook.com\\\/sympathygroup\"]},{\"@type\":\"Person\",\"@id\":\"https:\\\/\\\/www.sympathygroup.org\\\/wps\\\/#\\\/schema\\\/person\\\/ade6c4a8003504212ac1896a2e026647\",\"name\":\"G.Marchese\",\"image\":{\"@type\":\"ImageObject\",\"inLanguage\":\"it-IT\",\"@id\":\"https:\\\/\\\/secure.gravatar.com\\\/avatar\\\/af3d9d99979c1f85890550c9266f6b318d23820de4b5a6138554735ccce66f1d?s=96&d=mm&r=g\",\"url\":\"https:\\\/\\\/secure.gravatar.com\\\/avatar\\\/af3d9d99979c1f85890550c9266f6b318d23820de4b5a6138554735ccce66f1d?s=96&d=mm&r=g\",\"contentUrl\":\"https:\\\/\\\/secure.gravatar.com\\\/avatar\\\/af3d9d99979c1f85890550c9266f6b318d23820de4b5a6138554735ccce66f1d?s=96&d=mm&r=g\",\"caption\":\"G.Marchese\"},\"url\":\"https:\\\/\\\/www.sympathygroup.org\\\/wps\\\/author\\\/pinelot\\\/\"}]}<\/script>\n<!-- \/ Yoast SEO plugin. -->","yoast_head_json":{"title":"IL Sympathy Group alla Mondadori - Antonella Urso","robots":{"index":"index","follow":"follow","max-snippet":"max-snippet:-1","max-image-preview":"max-image-preview:large","max-video-preview":"max-video-preview:-1"},"canonical":"https:\/\/www.sympathygroup.org\/wps\/2014\/07\/03\/il-sympathy-group-alla-mondadori\/","og_locale":"it_IT","og_type":"article","og_title":"IL Sympathy Group alla Mondadori - Antonella Urso","og_description":"IL 03 Luglio 2014 intorno alle 18:00 il Sympathy Group \u00e8 stato coinvolto per un flash mob al Multicenter Mondadori in pieno centro di Palermo a pochi passi dal teatro Massimo. Mescolati fra i clienti del Mondadori Multicenter, sbucano pian piano musicisti in giro per il centro richiamando l&#8217;attenzione con le loro note, si giunge ....&nbsp;&nbsp;Read More","og_url":"https:\/\/www.sympathygroup.org\/wps\/2014\/07\/03\/il-sympathy-group-alla-mondadori\/","og_site_name":"Antonella Urso","article_publisher":"https:\/\/www.facebook.com\/sympathygroup","article_published_time":"2014-07-03T18:30:00+00:00","article_modified_time":"2019-12-26T06:23:57+00:00","og_image":[{"url":"http:\/\/www.sympathygroup.org\/wps\/wp-content\/uploads\/2014\/07\/shutmondadori2.gif","type":"","width":"","height":""}],"author":"G.Marchese","twitter_card":"summary_large_image","twitter_misc":{"Scritto da":"G.Marchese","Tempo di lettura stimato":"1 minuto"},"schema":{"@context":"https:\/\/schema.org","@graph":[{"@type":"Article","@id":"https:\/\/www.sympathygroup.org\/wps\/2014\/07\/03\/il-sympathy-group-alla-mondadori\/#article","isPartOf":{"@id":"https:\/\/www.sympathygroup.org\/wps\/2014\/07\/03\/il-sympathy-group-alla-mondadori\/"},"author":{"name":"G.Marchese","@id":"https:\/\/www.sympathygroup.org\/wps\/#\/schema\/person\/ade6c4a8003504212ac1896a2e026647"},"headline":"IL Sympathy Group alla Mondadori","datePublished":"2014-07-03T18:30:00+00:00","dateModified":"2019-12-26T06:23:57+00:00","mainEntityOfPage":{"@id":"https:\/\/www.sympathygroup.org\/wps\/2014\/07\/03\/il-sympathy-group-alla-mondadori\/"},"wordCount":217,"publisher":{"@id":"https:\/\/www.sympathygroup.org\/wps\/#organization"},"image":{"@id":"https:\/\/www.sympathygroup.org\/wps\/2014\/07\/03\/il-sympathy-group-alla-mondadori\/#primaryimage"},"thumbnailUrl":"http:\/\/www.sympathygroup.org\/wps\/wp-content\/uploads\/2014\/07\/shutmondadori2.gif","articleSection":["Eventi Sympathy Group"],"inLanguage":"it-IT"},{"@type":"WebPage","@id":"https:\/\/www.sympathygroup.org\/wps\/2014\/07\/03\/il-sympathy-group-alla-mondadori\/","url":"https:\/\/www.sympathygroup.org\/wps\/2014\/07\/03\/il-sympathy-group-alla-mondadori\/","name":"IL Sympathy Group alla Mondadori - Antonella Urso","isPartOf":{"@id":"https:\/\/www.sympathygroup.org\/wps\/#website"},"primaryImageOfPage":{"@id":"https:\/\/www.sympathygroup.org\/wps\/2014\/07\/03\/il-sympathy-group-alla-mondadori\/#primaryimage"},"image":{"@id":"https:\/\/www.sympathygroup.org\/wps\/2014\/07\/03\/il-sympathy-group-alla-mondadori\/#primaryimage"},"thumbnailUrl":"http:\/\/www.sympathygroup.org\/wps\/wp-content\/uploads\/2014\/07\/shutmondadori2.gif","datePublished":"2014-07-03T18:30:00+00:00","dateModified":"2019-12-26T06:23:57+00:00","breadcrumb":{"@id":"https:\/\/www.sympathygroup.org\/wps\/2014\/07\/03\/il-sympathy-group-alla-mondadori\/#breadcrumb"},"inLanguage":"it-IT","potentialAction":[{"@type":"ReadAction","target":["https:\/\/www.sympathygroup.org\/wps\/2014\/07\/03\/il-sympathy-group-alla-mondadori\/"]}]},{"@type":"ImageObject","inLanguage":"it-IT","@id":"https:\/\/www.sympathygroup.org\/wps\/2014\/07\/03\/il-sympathy-group-alla-mondadori\/#primaryimage","url":"http:\/\/www.sympathygroup.org\/wps\/wp-content\/uploads\/2014\/07\/shutmondadori2.gif","contentUrl":"http:\/\/www.sympathygroup.org\/wps\/wp-content\/uploads\/2014\/07\/shutmondadori2.gif"},{"@type":"BreadcrumbList","@id":"https:\/\/www.sympathygroup.org\/wps\/2014\/07\/03\/il-sympathy-group-alla-mondadori\/#breadcrumb","itemListElement":[{"@type":"ListItem","position":1,"name":"Home","item":"https:\/\/www.sympathygroup.org\/wps\/"},{"@type":"ListItem","position":2,"name":"IL Sympathy Group alla Mondadori"}]},{"@type":"WebSite","@id":"https:\/\/www.sympathygroup.org\/wps\/#website","url":"https:\/\/www.sympathygroup.org\/wps\/","name":"Antonella Urso","description":"e il SYMPATHY GROUP","publisher":{"@id":"https:\/\/www.sympathygroup.org\/wps\/#organization"},"potentialAction":[{"@type":"SearchAction","target":{"@type":"EntryPoint","urlTemplate":"https:\/\/www.sympathygroup.org\/wps\/?s={search_term_string}"},"query-input":{"@type":"PropertyValueSpecification","valueRequired":true,"valueName":"search_term_string"}}],"inLanguage":"it-IT"},{"@type":"Organization","@id":"https:\/\/www.sympathygroup.org\/wps\/#organization","name":"Antonella Urso e Sympathy Group","url":"https:\/\/www.sympathygroup.org\/wps\/","logo":{"@type":"ImageObject","inLanguage":"it-IT","@id":"https:\/\/www.sympathygroup.org\/wps\/#\/schema\/logo\/image\/","url":"https:\/\/www.sympathygroup.org\/wps\/wp-content\/uploads\/2019\/11\/cropped-logo_modificato_definitivo_centrato_piccolo-1.jpg","contentUrl":"https:\/\/www.sympathygroup.org\/wps\/wp-content\/uploads\/2019\/11\/cropped-logo_modificato_definitivo_centrato_piccolo-1.jpg","width":537,"height":250,"caption":"Antonella Urso e Sympathy Group"},"image":{"@id":"https:\/\/www.sympathygroup.org\/wps\/#\/schema\/logo\/image\/"},"sameAs":["https:\/\/www.facebook.com\/sympathygroup"]},{"@type":"Person","@id":"https:\/\/www.sympathygroup.org\/wps\/#\/schema\/person\/ade6c4a8003504212ac1896a2e026647","name":"G.Marchese","image":{"@type":"ImageObject","inLanguage":"it-IT","@id":"https:\/\/secure.gravatar.com\/avatar\/af3d9d99979c1f85890550c9266f6b318d23820de4b5a6138554735ccce66f1d?s=96&d=mm&r=g","url":"https:\/\/secure.gravatar.com\/avatar\/af3d9d99979c1f85890550c9266f6b318d23820de4b5a6138554735ccce66f1d?s=96&d=mm&r=g","contentUrl":"https:\/\/secure.gravatar.com\/avatar\/af3d9d99979c1f85890550c9266f6b318d23820de4b5a6138554735ccce66f1d?s=96&d=mm&r=g","caption":"G.Marchese"},"url":"https:\/\/www.sympathygroup.org\/wps\/author\/pinelot\/"}]}},"_links":{"self":[{"href":"https:\/\/www.sympathygroup.org\/wps\/wp-json\/wp\/v2\/posts\/217","targetHints":{"allow":["GET"]}}],"collection":[{"href":"https:\/\/www.sympathygroup.org\/wps\/wp-json\/wp\/v2\/posts"}],"about":[{"href":"https:\/\/www.sympathygroup.org\/wps\/wp-json\/wp\/v2\/types\/post"}],"author":[{"embeddable":true,"href":"https:\/\/www.sympathygroup.org\/wps\/wp-json\/wp\/v2\/users\/1"}],"replies":[{"embeddable":true,"href":"https:\/\/www.sympathygroup.org\/wps\/wp-json\/wp\/v2\/comments?post=217"}],"version-history":[{"count":2,"href":"https:\/\/www.sympathygroup.org\/wps\/wp-json\/wp\/v2\/posts\/217\/revisions"}],"predecessor-version":[{"id":221,"href":"https:\/\/www.sympathygroup.org\/wps\/wp-json\/wp\/v2\/posts\/217\/revisions\/221"}],"wp:attachment":[{"href":"https:\/\/www.sympathygroup.org\/wps\/wp-json\/wp\/v2\/media?parent=217"}],"wp:term":[{"taxonomy":"category","embeddable":true,"href":"https:\/\/www.sympathygroup.org\/wps\/wp-json\/wp\/v2\/categories?post=217"},{"taxonomy":"post_tag","embeddable":true,"href":"https:\/\/www.sympathygroup.org\/wps\/wp-json\/wp\/v2\/tags?post=217"}],"curies":[{"name":"wp","href":"https:\/\/api.w.org\/{rel}","templated":true}]}}