{"id":41,"date":"2019-06-21T18:30:00","date_gmt":"2019-06-21T18:30:00","guid":{"rendered":"http:\/\/www.sympathygroup.org\/wps\/?p=41"},"modified":"2019-11-27T06:52:47","modified_gmt":"2019-11-27T06:52:47","slug":"musica-in-salotto-a-palazzo-butera-di-bagheria","status":"publish","type":"post","link":"https:\/\/www.sympathygroup.org\/wps\/2019\/06\/21\/musica-in-salotto-a-palazzo-butera-di-bagheria\/","title":{"rendered":"Musica in Salotto a Palazzo Butera di Bagheria"},"content":{"rendered":"\n<figure class=\"wp-block-image size-large\"><img decoding=\"async\" src=\"http:\/\/www.sympathygroup.org\/associazione\/images\/shut_musica_insalotto_concerto.jpg\" alt=\"\"\/><\/figure>\n\n\n\n<p class=\"wp-block-paragraph\"> 21 Giugno 2019 ore 18:30 presso Palazzo Butera di Bagheria (PA) si \u00e8 svolto un concerto di musica classica dell&#8217;Ass. &#8220;Sympathy Group&#8221;. Il concerto denominato &#8220;Musica in Salotto&#8221; \u00e8 un tipico format che la nostra Associazione culturale divulga gi\u00e0 da diverso tempo per i propri associati o per quanti nelle proprie residenze fossero in possesso di un pianoforte e volessero allietare i propri ospiti presenti durante una particolare ricorrenza. Il programma classico proposto soggetto a revisione in funzione dell&#8217;esigenze \u00e8 in grado di coinvolgere emotivamente il pubblico presente in sala appartenente a qualsiasi fascia di et\u00e0, cosi come documentato dalle foto condivise e dai video, ed \u00e8 proprio questo coinvolgimento&nbsp; l&#8217;obbiettivo continuo, ricercato e realizzato dall&#8217;Associazione. L&#8217;impeccabile presentatrice Dorotea Inzinsola che conduce l&#8217;evento presentando i brani con aneddoti e dovizie di particolari, l&#8217;instancabile pianista M\u00b0 Giovanni Zappulla che esegue brani solisti e accompagna il soprano Antonella Urso la cui voce da soprano leggero riesce ad incantare tutto il pubblico presente. L&#8217;evento \u00e8 stato inserito nella pi\u00f9 ampia manifestazione voluta dall&#8217;Amministrazione Comunale di Bagheria denominata \u201cAspettando l\u2019estate\u201d che ha visto il coinvolgimento degli assessorati alla Cultura, Ambiente e Spettacolo del Comune di Bagheria.&nbsp;<a rel=\"noreferrer noopener\" href=\"https:\/\/comune.bagheria.pa.it\/aspettando-lestate-una-serie-di-appuntamenti-animeranno-le-giornate-bagheresi\/\" target=\"_blank\">(CLICCA QUI)<\/a>&nbsp;Si ringrazia l&#8217;assessore Daniele Vella per il supporto all&#8217;evento e tutto il meraviglioso pubblico presente al concerto. Ringraziamo quanti dei nostri associati sono rimasti a Palazzo Butera per godere del successivo concerto jazz che si svolgeva nell&#8217;atrio interno al palazzo. Come di consueto per raggiungere il nostro album fotografico dell&#8217;evento&nbsp;<a rel=\"noreferrer noopener\" href=\"https:\/\/www.facebook.com\/pg\/sympathygroup\/photos\/?tab=album&amp;album_id=2465255146839612\" target=\"_blank\">(CLICCA QUI)<\/a> <\/p>\n","protected":false},"excerpt":{"rendered":"<p>21 Giugno 2019 ore 18:30 presso Palazzo Butera di Bagheria (PA) si \u00e8 svolto un concerto di musica classica dell&#8217;Ass. &#8220;Sympathy Group&#8221;. Il concerto denominato &#8220;Musica in Salotto&#8221; \u00e8 un tipico format che la nostra Associazione culturale divulga gi\u00e0 da diverso tempo per i propri associati o per quanti nelle proprie residenze fossero in possesso &#8230;.&nbsp;&nbsp;<a class=\" special\" href=\"https:\/\/www.sympathygroup.org\/wps\/2019\/06\/21\/musica-in-salotto-a-palazzo-butera-di-bagheria\/\">Read More<\/a><\/p>\n","protected":false},"author":1,"featured_media":0,"comment_status":"open","ping_status":"open","sticky":false,"template":"","format":"standard","meta":{"iawp_total_views":0,"footnotes":""},"categories":[2],"tags":[],"class_list":["post-41","post","type-post","status-publish","format-standard","hentry","category-eventi-sympathy-group"],"yoast_head":"<!-- This site is optimized with the Yoast SEO plugin v28.3 - https:\/\/yoast.com\/product\/yoast-seo-wordpress\/ -->\n<title>Musica in Salotto a Palazzo Butera di Bagheria - Antonella Urso<\/title>\n<meta name=\"robots\" content=\"index, follow, max-snippet:-1, max-image-preview:large, max-video-preview:-1\" \/>\n<link rel=\"canonical\" href=\"https:\/\/www.sympathygroup.org\/wps\/2019\/06\/21\/musica-in-salotto-a-palazzo-butera-di-bagheria\/\" \/>\n<meta property=\"og:locale\" content=\"it_IT\" \/>\n<meta property=\"og:type\" content=\"article\" \/>\n<meta property=\"og:title\" content=\"Musica in Salotto a Palazzo Butera di Bagheria - Antonella Urso\" \/>\n<meta property=\"og:description\" content=\"21 Giugno 2019 ore 18:30 presso Palazzo Butera di Bagheria (PA) si \u00e8 svolto un concerto di musica classica dell&#8217;Ass. &#8220;Sympathy Group&#8221;. Il concerto denominato &#8220;Musica in Salotto&#8221; \u00e8 un tipico format che la nostra Associazione culturale divulga gi\u00e0 da diverso tempo per i propri associati o per quanti nelle proprie residenze fossero in possesso ....&nbsp;&nbsp;Read More\" \/>\n<meta property=\"og:url\" content=\"https:\/\/www.sympathygroup.org\/wps\/2019\/06\/21\/musica-in-salotto-a-palazzo-butera-di-bagheria\/\" \/>\n<meta property=\"og:site_name\" content=\"Antonella Urso\" \/>\n<meta property=\"article:publisher\" content=\"https:\/\/www.facebook.com\/sympathygroup\" \/>\n<meta property=\"article:published_time\" content=\"2019-06-21T18:30:00+00:00\" \/>\n<meta property=\"article:modified_time\" content=\"2019-11-27T06:52:47+00:00\" \/>\n<meta property=\"og:image\" content=\"http:\/\/www.sympathygroup.org\/associazione\/images\/shut_musica_insalotto_concerto.jpg\" \/>\n<meta name=\"author\" content=\"G.Marchese\" \/>\n<meta name=\"twitter:card\" content=\"summary_large_image\" \/>\n<meta name=\"twitter:label1\" content=\"Scritto da\" \/>\n\t<meta name=\"twitter:data1\" content=\"G.Marchese\" \/>\n\t<meta name=\"twitter:label2\" content=\"Tempo di lettura stimato\" \/>\n\t<meta name=\"twitter:data2\" content=\"1 minuto\" \/>\n<script type=\"application\/ld+json\" class=\"yoast-schema-graph\">{\"@context\":\"https:\\\/\\\/schema.org\",\"@graph\":[{\"@type\":\"Article\",\"@id\":\"https:\\\/\\\/www.sympathygroup.org\\\/wps\\\/2019\\\/06\\\/21\\\/musica-in-salotto-a-palazzo-butera-di-bagheria\\\/#article\",\"isPartOf\":{\"@id\":\"https:\\\/\\\/www.sympathygroup.org\\\/wps\\\/2019\\\/06\\\/21\\\/musica-in-salotto-a-palazzo-butera-di-bagheria\\\/\"},\"author\":{\"name\":\"G.Marchese\",\"@id\":\"https:\\\/\\\/www.sympathygroup.org\\\/wps\\\/#\\\/schema\\\/person\\\/ade6c4a8003504212ac1896a2e026647\"},\"headline\":\"Musica in Salotto a Palazzo Butera di Bagheria\",\"datePublished\":\"2019-06-21T18:30:00+00:00\",\"dateModified\":\"2019-11-27T06:52:47+00:00\",\"mainEntityOfPage\":{\"@id\":\"https:\\\/\\\/www.sympathygroup.org\\\/wps\\\/2019\\\/06\\\/21\\\/musica-in-salotto-a-palazzo-butera-di-bagheria\\\/\"},\"wordCount\":264,\"commentCount\":0,\"publisher\":{\"@id\":\"https:\\\/\\\/www.sympathygroup.org\\\/wps\\\/#organization\"},\"image\":{\"@id\":\"https:\\\/\\\/www.sympathygroup.org\\\/wps\\\/2019\\\/06\\\/21\\\/musica-in-salotto-a-palazzo-butera-di-bagheria\\\/#primaryimage\"},\"thumbnailUrl\":\"http:\\\/\\\/www.sympathygroup.org\\\/associazione\\\/images\\\/shut_musica_insalotto_concerto.jpg\",\"articleSection\":[\"Eventi Sympathy Group\"],\"inLanguage\":\"it-IT\",\"potentialAction\":[{\"@type\":\"CommentAction\",\"name\":\"Comment\",\"target\":[\"https:\\\/\\\/www.sympathygroup.org\\\/wps\\\/2019\\\/06\\\/21\\\/musica-in-salotto-a-palazzo-butera-di-bagheria\\\/#respond\"]}]},{\"@type\":\"WebPage\",\"@id\":\"https:\\\/\\\/www.sympathygroup.org\\\/wps\\\/2019\\\/06\\\/21\\\/musica-in-salotto-a-palazzo-butera-di-bagheria\\\/\",\"url\":\"https:\\\/\\\/www.sympathygroup.org\\\/wps\\\/2019\\\/06\\\/21\\\/musica-in-salotto-a-palazzo-butera-di-bagheria\\\/\",\"name\":\"Musica in Salotto a Palazzo Butera di Bagheria - Antonella Urso\",\"isPartOf\":{\"@id\":\"https:\\\/\\\/www.sympathygroup.org\\\/wps\\\/#website\"},\"primaryImageOfPage\":{\"@id\":\"https:\\\/\\\/www.sympathygroup.org\\\/wps\\\/2019\\\/06\\\/21\\\/musica-in-salotto-a-palazzo-butera-di-bagheria\\\/#primaryimage\"},\"image\":{\"@id\":\"https:\\\/\\\/www.sympathygroup.org\\\/wps\\\/2019\\\/06\\\/21\\\/musica-in-salotto-a-palazzo-butera-di-bagheria\\\/#primaryimage\"},\"thumbnailUrl\":\"http:\\\/\\\/www.sympathygroup.org\\\/associazione\\\/images\\\/shut_musica_insalotto_concerto.jpg\",\"datePublished\":\"2019-06-21T18:30:00+00:00\",\"dateModified\":\"2019-11-27T06:52:47+00:00\",\"breadcrumb\":{\"@id\":\"https:\\\/\\\/www.sympathygroup.org\\\/wps\\\/2019\\\/06\\\/21\\\/musica-in-salotto-a-palazzo-butera-di-bagheria\\\/#breadcrumb\"},\"inLanguage\":\"it-IT\",\"potentialAction\":[{\"@type\":\"ReadAction\",\"target\":[\"https:\\\/\\\/www.sympathygroup.org\\\/wps\\\/2019\\\/06\\\/21\\\/musica-in-salotto-a-palazzo-butera-di-bagheria\\\/\"]}]},{\"@type\":\"ImageObject\",\"inLanguage\":\"it-IT\",\"@id\":\"https:\\\/\\\/www.sympathygroup.org\\\/wps\\\/2019\\\/06\\\/21\\\/musica-in-salotto-a-palazzo-butera-di-bagheria\\\/#primaryimage\",\"url\":\"http:\\\/\\\/www.sympathygroup.org\\\/associazione\\\/images\\\/shut_musica_insalotto_concerto.jpg\",\"contentUrl\":\"http:\\\/\\\/www.sympathygroup.org\\\/associazione\\\/images\\\/shut_musica_insalotto_concerto.jpg\"},{\"@type\":\"BreadcrumbList\",\"@id\":\"https:\\\/\\\/www.sympathygroup.org\\\/wps\\\/2019\\\/06\\\/21\\\/musica-in-salotto-a-palazzo-butera-di-bagheria\\\/#breadcrumb\",\"itemListElement\":[{\"@type\":\"ListItem\",\"position\":1,\"name\":\"Home\",\"item\":\"https:\\\/\\\/www.sympathygroup.org\\\/wps\\\/\"},{\"@type\":\"ListItem\",\"position\":2,\"name\":\"Musica in Salotto a Palazzo Butera di Bagheria\"}]},{\"@type\":\"WebSite\",\"@id\":\"https:\\\/\\\/www.sympathygroup.org\\\/wps\\\/#website\",\"url\":\"https:\\\/\\\/www.sympathygroup.org\\\/wps\\\/\",\"name\":\"Antonella Urso\",\"description\":\"e il SYMPATHY GROUP\",\"publisher\":{\"@id\":\"https:\\\/\\\/www.sympathygroup.org\\\/wps\\\/#organization\"},\"potentialAction\":[{\"@type\":\"SearchAction\",\"target\":{\"@type\":\"EntryPoint\",\"urlTemplate\":\"https:\\\/\\\/www.sympathygroup.org\\\/wps\\\/?s={search_term_string}\"},\"query-input\":{\"@type\":\"PropertyValueSpecification\",\"valueRequired\":true,\"valueName\":\"search_term_string\"}}],\"inLanguage\":\"it-IT\"},{\"@type\":\"Organization\",\"@id\":\"https:\\\/\\\/www.sympathygroup.org\\\/wps\\\/#organization\",\"name\":\"Antonella Urso e Sympathy Group\",\"url\":\"https:\\\/\\\/www.sympathygroup.org\\\/wps\\\/\",\"logo\":{\"@type\":\"ImageObject\",\"inLanguage\":\"it-IT\",\"@id\":\"https:\\\/\\\/www.sympathygroup.org\\\/wps\\\/#\\\/schema\\\/logo\\\/image\\\/\",\"url\":\"https:\\\/\\\/www.sympathygroup.org\\\/wps\\\/wp-content\\\/uploads\\\/2019\\\/11\\\/cropped-logo_modificato_definitivo_centrato_piccolo-1.jpg\",\"contentUrl\":\"https:\\\/\\\/www.sympathygroup.org\\\/wps\\\/wp-content\\\/uploads\\\/2019\\\/11\\\/cropped-logo_modificato_definitivo_centrato_piccolo-1.jpg\",\"width\":537,\"height\":250,\"caption\":\"Antonella Urso e Sympathy Group\"},\"image\":{\"@id\":\"https:\\\/\\\/www.sympathygroup.org\\\/wps\\\/#\\\/schema\\\/logo\\\/image\\\/\"},\"sameAs\":[\"https:\\\/\\\/www.facebook.com\\\/sympathygroup\"]},{\"@type\":\"Person\",\"@id\":\"https:\\\/\\\/www.sympathygroup.org\\\/wps\\\/#\\\/schema\\\/person\\\/ade6c4a8003504212ac1896a2e026647\",\"name\":\"G.Marchese\",\"image\":{\"@type\":\"ImageObject\",\"inLanguage\":\"it-IT\",\"@id\":\"https:\\\/\\\/secure.gravatar.com\\\/avatar\\\/af3d9d99979c1f85890550c9266f6b318d23820de4b5a6138554735ccce66f1d?s=96&d=mm&r=g\",\"url\":\"https:\\\/\\\/secure.gravatar.com\\\/avatar\\\/af3d9d99979c1f85890550c9266f6b318d23820de4b5a6138554735ccce66f1d?s=96&d=mm&r=g\",\"contentUrl\":\"https:\\\/\\\/secure.gravatar.com\\\/avatar\\\/af3d9d99979c1f85890550c9266f6b318d23820de4b5a6138554735ccce66f1d?s=96&d=mm&r=g\",\"caption\":\"G.Marchese\"},\"url\":\"https:\\\/\\\/www.sympathygroup.org\\\/wps\\\/author\\\/pinelot\\\/\"}]}<\/script>\n<!-- \/ Yoast SEO plugin. -->","yoast_head_json":{"title":"Musica in Salotto a Palazzo Butera di Bagheria - Antonella Urso","robots":{"index":"index","follow":"follow","max-snippet":"max-snippet:-1","max-image-preview":"max-image-preview:large","max-video-preview":"max-video-preview:-1"},"canonical":"https:\/\/www.sympathygroup.org\/wps\/2019\/06\/21\/musica-in-salotto-a-palazzo-butera-di-bagheria\/","og_locale":"it_IT","og_type":"article","og_title":"Musica in Salotto a Palazzo Butera di Bagheria - Antonella Urso","og_description":"21 Giugno 2019 ore 18:30 presso Palazzo Butera di Bagheria (PA) si \u00e8 svolto un concerto di musica classica dell&#8217;Ass. &#8220;Sympathy Group&#8221;. Il concerto denominato &#8220;Musica in Salotto&#8221; \u00e8 un tipico format che la nostra Associazione culturale divulga gi\u00e0 da diverso tempo per i propri associati o per quanti nelle proprie residenze fossero in possesso ....&nbsp;&nbsp;Read More","og_url":"https:\/\/www.sympathygroup.org\/wps\/2019\/06\/21\/musica-in-salotto-a-palazzo-butera-di-bagheria\/","og_site_name":"Antonella Urso","article_publisher":"https:\/\/www.facebook.com\/sympathygroup","article_published_time":"2019-06-21T18:30:00+00:00","article_modified_time":"2019-11-27T06:52:47+00:00","og_image":[{"url":"http:\/\/www.sympathygroup.org\/associazione\/images\/shut_musica_insalotto_concerto.jpg","type":"","width":"","height":""}],"author":"G.Marchese","twitter_card":"summary_large_image","twitter_misc":{"Scritto da":"G.Marchese","Tempo di lettura stimato":"1 minuto"},"schema":{"@context":"https:\/\/schema.org","@graph":[{"@type":"Article","@id":"https:\/\/www.sympathygroup.org\/wps\/2019\/06\/21\/musica-in-salotto-a-palazzo-butera-di-bagheria\/#article","isPartOf":{"@id":"https:\/\/www.sympathygroup.org\/wps\/2019\/06\/21\/musica-in-salotto-a-palazzo-butera-di-bagheria\/"},"author":{"name":"G.Marchese","@id":"https:\/\/www.sympathygroup.org\/wps\/#\/schema\/person\/ade6c4a8003504212ac1896a2e026647"},"headline":"Musica in Salotto a Palazzo Butera di Bagheria","datePublished":"2019-06-21T18:30:00+00:00","dateModified":"2019-11-27T06:52:47+00:00","mainEntityOfPage":{"@id":"https:\/\/www.sympathygroup.org\/wps\/2019\/06\/21\/musica-in-salotto-a-palazzo-butera-di-bagheria\/"},"wordCount":264,"commentCount":0,"publisher":{"@id":"https:\/\/www.sympathygroup.org\/wps\/#organization"},"image":{"@id":"https:\/\/www.sympathygroup.org\/wps\/2019\/06\/21\/musica-in-salotto-a-palazzo-butera-di-bagheria\/#primaryimage"},"thumbnailUrl":"http:\/\/www.sympathygroup.org\/associazione\/images\/shut_musica_insalotto_concerto.jpg","articleSection":["Eventi Sympathy Group"],"inLanguage":"it-IT","potentialAction":[{"@type":"CommentAction","name":"Comment","target":["https:\/\/www.sympathygroup.org\/wps\/2019\/06\/21\/musica-in-salotto-a-palazzo-butera-di-bagheria\/#respond"]}]},{"@type":"WebPage","@id":"https:\/\/www.sympathygroup.org\/wps\/2019\/06\/21\/musica-in-salotto-a-palazzo-butera-di-bagheria\/","url":"https:\/\/www.sympathygroup.org\/wps\/2019\/06\/21\/musica-in-salotto-a-palazzo-butera-di-bagheria\/","name":"Musica in Salotto a Palazzo Butera di Bagheria - Antonella Urso","isPartOf":{"@id":"https:\/\/www.sympathygroup.org\/wps\/#website"},"primaryImageOfPage":{"@id":"https:\/\/www.sympathygroup.org\/wps\/2019\/06\/21\/musica-in-salotto-a-palazzo-butera-di-bagheria\/#primaryimage"},"image":{"@id":"https:\/\/www.sympathygroup.org\/wps\/2019\/06\/21\/musica-in-salotto-a-palazzo-butera-di-bagheria\/#primaryimage"},"thumbnailUrl":"http:\/\/www.sympathygroup.org\/associazione\/images\/shut_musica_insalotto_concerto.jpg","datePublished":"2019-06-21T18:30:00+00:00","dateModified":"2019-11-27T06:52:47+00:00","breadcrumb":{"@id":"https:\/\/www.sympathygroup.org\/wps\/2019\/06\/21\/musica-in-salotto-a-palazzo-butera-di-bagheria\/#breadcrumb"},"inLanguage":"it-IT","potentialAction":[{"@type":"ReadAction","target":["https:\/\/www.sympathygroup.org\/wps\/2019\/06\/21\/musica-in-salotto-a-palazzo-butera-di-bagheria\/"]}]},{"@type":"ImageObject","inLanguage":"it-IT","@id":"https:\/\/www.sympathygroup.org\/wps\/2019\/06\/21\/musica-in-salotto-a-palazzo-butera-di-bagheria\/#primaryimage","url":"http:\/\/www.sympathygroup.org\/associazione\/images\/shut_musica_insalotto_concerto.jpg","contentUrl":"http:\/\/www.sympathygroup.org\/associazione\/images\/shut_musica_insalotto_concerto.jpg"},{"@type":"BreadcrumbList","@id":"https:\/\/www.sympathygroup.org\/wps\/2019\/06\/21\/musica-in-salotto-a-palazzo-butera-di-bagheria\/#breadcrumb","itemListElement":[{"@type":"ListItem","position":1,"name":"Home","item":"https:\/\/www.sympathygroup.org\/wps\/"},{"@type":"ListItem","position":2,"name":"Musica in Salotto a Palazzo Butera di Bagheria"}]},{"@type":"WebSite","@id":"https:\/\/www.sympathygroup.org\/wps\/#website","url":"https:\/\/www.sympathygroup.org\/wps\/","name":"Antonella Urso","description":"e il SYMPATHY GROUP","publisher":{"@id":"https:\/\/www.sympathygroup.org\/wps\/#organization"},"potentialAction":[{"@type":"SearchAction","target":{"@type":"EntryPoint","urlTemplate":"https:\/\/www.sympathygroup.org\/wps\/?s={search_term_string}"},"query-input":{"@type":"PropertyValueSpecification","valueRequired":true,"valueName":"search_term_string"}}],"inLanguage":"it-IT"},{"@type":"Organization","@id":"https:\/\/www.sympathygroup.org\/wps\/#organization","name":"Antonella Urso e Sympathy Group","url":"https:\/\/www.sympathygroup.org\/wps\/","logo":{"@type":"ImageObject","inLanguage":"it-IT","@id":"https:\/\/www.sympathygroup.org\/wps\/#\/schema\/logo\/image\/","url":"https:\/\/www.sympathygroup.org\/wps\/wp-content\/uploads\/2019\/11\/cropped-logo_modificato_definitivo_centrato_piccolo-1.jpg","contentUrl":"https:\/\/www.sympathygroup.org\/wps\/wp-content\/uploads\/2019\/11\/cropped-logo_modificato_definitivo_centrato_piccolo-1.jpg","width":537,"height":250,"caption":"Antonella Urso e Sympathy Group"},"image":{"@id":"https:\/\/www.sympathygroup.org\/wps\/#\/schema\/logo\/image\/"},"sameAs":["https:\/\/www.facebook.com\/sympathygroup"]},{"@type":"Person","@id":"https:\/\/www.sympathygroup.org\/wps\/#\/schema\/person\/ade6c4a8003504212ac1896a2e026647","name":"G.Marchese","image":{"@type":"ImageObject","inLanguage":"it-IT","@id":"https:\/\/secure.gravatar.com\/avatar\/af3d9d99979c1f85890550c9266f6b318d23820de4b5a6138554735ccce66f1d?s=96&d=mm&r=g","url":"https:\/\/secure.gravatar.com\/avatar\/af3d9d99979c1f85890550c9266f6b318d23820de4b5a6138554735ccce66f1d?s=96&d=mm&r=g","contentUrl":"https:\/\/secure.gravatar.com\/avatar\/af3d9d99979c1f85890550c9266f6b318d23820de4b5a6138554735ccce66f1d?s=96&d=mm&r=g","caption":"G.Marchese"},"url":"https:\/\/www.sympathygroup.org\/wps\/author\/pinelot\/"}]}},"_links":{"self":[{"href":"https:\/\/www.sympathygroup.org\/wps\/wp-json\/wp\/v2\/posts\/41","targetHints":{"allow":["GET"]}}],"collection":[{"href":"https:\/\/www.sympathygroup.org\/wps\/wp-json\/wp\/v2\/posts"}],"about":[{"href":"https:\/\/www.sympathygroup.org\/wps\/wp-json\/wp\/v2\/types\/post"}],"author":[{"embeddable":true,"href":"https:\/\/www.sympathygroup.org\/wps\/wp-json\/wp\/v2\/users\/1"}],"replies":[{"embeddable":true,"href":"https:\/\/www.sympathygroup.org\/wps\/wp-json\/wp\/v2\/comments?post=41"}],"version-history":[{"count":2,"href":"https:\/\/www.sympathygroup.org\/wps\/wp-json\/wp\/v2\/posts\/41\/revisions"}],"predecessor-version":[{"id":45,"href":"https:\/\/www.sympathygroup.org\/wps\/wp-json\/wp\/v2\/posts\/41\/revisions\/45"}],"wp:attachment":[{"href":"https:\/\/www.sympathygroup.org\/wps\/wp-json\/wp\/v2\/media?parent=41"}],"wp:term":[{"taxonomy":"category","embeddable":true,"href":"https:\/\/www.sympathygroup.org\/wps\/wp-json\/wp\/v2\/categories?post=41"},{"taxonomy":"post_tag","embeddable":true,"href":"https:\/\/www.sympathygroup.org\/wps\/wp-json\/wp\/v2\/tags?post=41"}],"curies":[{"name":"wp","href":"https:\/\/api.w.org\/{rel}","templated":true}]}}